{"id":1053,"date":"2014-09-16T19:25:58","date_gmt":"2014-09-16T19:25:58","guid":{"rendered":"http:\/\/lepetitmas.ca\/blog\/?p=1053"},"modified":"2022-05-04T03:03:37","modified_gmt":"2022-05-04T03:03:37","slug":"lautomne-le-temps-des-salons-et-des-rencontres","status":"publish","type":"post","link":"https:\/\/lepetitmas.ca\/blog\/lautomne-le-temps-des-salons-et-des-rencontres\/","title":{"rendered":"L&rsquo;automne, le temps des salons et des rencontres!"},"content":{"rendered":"<p><img loading=\"lazy\" class=\"aligncenter size-full wp-image-3100\" src=\"http:\/\/lepetitmas.ca\/blog\/wp-content\/uploads\/2014\/09\/Vendanges-2014-1.jpg\" alt=\"\u00c9v\u00e8nements Le Petit Mas\" width=\"960\" height=\"640\" srcset=\"https:\/\/lepetitmas.ca\/blog\/wp-content\/uploads\/2014\/09\/Vendanges-2014-1.jpg 960w, https:\/\/lepetitmas.ca\/blog\/wp-content\/uploads\/2014\/09\/Vendanges-2014-1-300x200.jpg 300w, https:\/\/lepetitmas.ca\/blog\/wp-content\/uploads\/2014\/09\/Vendanges-2014-1-768x512.jpg 768w, https:\/\/lepetitmas.ca\/blog\/wp-content\/uploads\/2014\/09\/Vendanges-2014-1-450x300.jpg 450w\" sizes=\"(max-width: 960px) 100vw, 960px\" \/><\/p>\n<p>Le mois de septembre est toujours un mois tr\u00e8s tr\u00e8s occup\u00e9 pour Le Petit Mas. L&rsquo;\u00e9quipe de la production s&rsquo;affaire \u00e0 nettoyer, empaqueter et livrer l&rsquo;ail de la saison actuelle et \u00e0 semer et pr\u00e9parer le champ pour la prochaine saison.<\/p>\n<p>Pendant ce temps, l&rsquo;\u00e9quipe des ventes r\u00e9pond \u00e0 vos questions et vous vend de l&rsquo;ail et de la fleur d&rsquo;ail dans diff\u00e9rentes foires alimentaires.<\/p>\n<p><strong>Pendant les festivals, on fait toutes sortes de rencontres!<\/strong><\/p>\n<p>Nous avons rencontr\u00e9 beaucoup de jardiniers, qui d\u00e9sirent mettre l&rsquo;<a href=\"http:\/\/www.lepetitmas.ca\/fr\/produits\/ail_bio.shtml\"><strong>ail du Qu\u00e9bec biologique<\/strong><\/a> au jardin cette ann\u00e9e, \u00e0 qui nous avons vendu des <strong>semences<\/strong>. \u00a0Nous vous invitons \u00e0 lire notre <a href=\"http:\/\/lepetitmas.ca\/blog\/category\/culture-de-lail-le-guide\/\">guide de culture<\/a>\u00a0et \u00e0 nous tenir au courant de votre aventure!<\/p>\n<p>Nous avons rencontr\u00e9 des \u00e9tudiants et des parents press\u00e9s. Je vous confiais que <a href=\"http:\/\/www.lepetitmas.ca\/fr\/produits\/fleurs_ail_ferment.shtml\"><strong>les fleurs d&rsquo;ail ferment\u00e9es <\/strong><\/a>sont mon assaisonnement de semaine, quand je suis fatigu\u00e9e, mais que j&rsquo;ai quand m\u00eame envie que mon repas ait bon go\u00fbt! Pour vous, voici nos<a href=\"http:\/\/lepetitmas.ca\/fr\/recettes\/eclairs.shtml\"> recettes express avec la fleur d&rsquo;ail!<\/a><\/p>\n<p>Nous avons rencontr\u00e9 des amateurs d&rsquo;ail, qui revenaient nous acheter leur r\u00e9serve annuelle d&rsquo;ail du Qu\u00e9bec biologique en nous disant que celle achet\u00e9e l&rsquo;an dernier s&rsquo;\u00e9tait vraiment gard\u00e9e toute l&rsquo;ann\u00e9e. Comme quoi, nous disons la v\u00e9rit\u00e9!<\/p>\n<p>Nous avons rencontr\u00e9 des amateurs de fleurs d&rsquo;ail, \u00e0 qui nous avons chang\u00e9 un peu la vie en leur faisant d\u00e9couvrir notre assaisonnement. Certaines personnes ne peuvent manger d&rsquo;ail pour toutes sortes de raisons et la fleur d&rsquo;ail ferment\u00e9e devient leur nouvel assaisonnement pr\u00e9f\u00e9r\u00e9! Saviez-vous que les fleurs d&rsquo;ail ferment\u00e9es conviennent \u00e0 presque tous les types de di\u00e8tes? Elles sont effectivement sans gluten, sans lactose, sans sel, sans sucre ajout\u00e9, sans cholest\u00e9rol et sans allerg\u00e8nes!<\/p>\n<p>Nous aimerions vous rencontrer vous aussi! <a href=\"http:\/\/www.lepetitmas.ca\/fr\/contact\/\">Consultez notre site web<\/a> pour connaitre les dates des prochains \u00e9v\u00e8nements.<\/p>\n<p>Toutes ces personnalit\u00e9s connues ont d\u00e9couvert les <em><strong>fleurs d&rsquo;ail ferment\u00e9es du Petit Mas<\/strong> <\/em>au fil du temps, faites comme elles!<\/p>\n<p>Voici les r\u00e9ponses aux questions les plus fr\u00e9quemment pos\u00e9es!<\/p>\n<ul>\n<li><a href=\"http:\/\/lepetitmas.ca\/fr\/faq\/fleur_proprietes_medicinales.shtml\">Les fleurs d&rsquo;ail ont-elles les m\u00eames propri\u00e9t\u00e9s m\u00e9dicinales que les gousses d&rsquo;ail?<\/a><\/li>\n<li><a href=\"http:\/\/lepetitmas.ca\/fr\/faq\/fleur_difference_gout.shtml\">Du point de vue du go\u00fbt, quelle est la diff\u00e9rence entre l\u2019ail et les fleurs d\u2019ail?<\/a><\/li>\n<li><a href=\"http:\/\/lepetitmas.ca\/fr\/faq\/fleur_allergies.shtml\">Puis-je consommer de la fleur d\u2019ail si je suis allergique ou intol\u00e9rant \u00e0 l\u2019ail?<\/a><\/li>\n<li><a href=\"http:\/\/lepetitmas.ca\/fr\/faq\/fleur_huile.shtml\">Pourquoi n\u2019utilisez-vous pas l\u2019huile d\u2019olive dans votre produit?<\/a><\/li>\n<li><a href=\"http:\/\/lepetitmas.ca\/fr\/faq\/fleur_haleine.shtml\">Pourquoi les fleurs d\u2019ail ne donnent-elles pas d\u2019haleine d\u2019ail?<\/a><\/li>\n<li><a href=\"http:\/\/lepetitmas.ca\/fr\/faq\/fleur_medicinales.shtml\">Les fleurs d\u2019ail ont-elles les m\u00eames propri\u00e9t\u00e9s m\u00e9dicinales que les gousses d\u2019ail?<\/a><\/li>\n<li><a href=\"http:\/\/lepetitmas.ca\/fr\/faq\/fleur_digestion.shtml\">Pourquoi les fleurs d\u2019ail se dig\u00e8rent-elles mieux que l\u2019ail?<\/a><\/li>\n<li><a href=\"http:\/\/lepetitmas.ca\/fr\/faq\/fleur_equivalent_gousse.shtml\">Quel est l\u2019\u00e9quivalent d\u2019une gousse d\u2019ail si je veux la remplacer par des fleurs d\u2019ail dans une recette?<\/a><\/li>\n<li><a href=\"http:\/\/lepetitmas.ca\/fr\/faq\/fleur_frigo.shtml\">Combien de temps puis-je conserver au frigo le pot de fleurs d&rsquo;ail une fois ouvert?<\/a><\/li>\n<li><a href=\"http:\/\/lepetitmas.ca\/fr\/faq\/fleur_jaune.shtml\">Pourquoi le produit est-il plus jaune au fond du pot?<\/a><\/li>\n<\/ul>\n<p><strong>Vous avez aim\u00e9 notre fromage \u00e0 la cr\u00e8me \u00e0 la fleur d&rsquo;ail du Petit Mas?<\/strong><\/p>\n<p><img loading=\"lazy\" class=\"size-medium wp-image-815 alignleft\" title=\"Bagel au fromage \u00e0 la cr\u00e8me \u00e0 la fleur d'ail ferment\u00e9e dans l'huile du Petit Mas\" src=\"http:\/\/lepetitmas.ca\/blog\/wp-content\/uploads\/2014\/04\/Bagel2014-300x195.jpg\" alt=\"Bagel au fromage \u00e0 la cr\u00e8me \u00e0 la fleur d'ail ferment\u00e9e dans l'huile du Petit Mas\" width=\"300\" height=\"195\" srcset=\"https:\/\/lepetitmas.ca\/blog\/wp-content\/uploads\/2014\/04\/Bagel2014-300x195.jpg 300w, https:\/\/lepetitmas.ca\/blog\/wp-content\/uploads\/2014\/04\/Bagel2014-1024x668.jpg 1024w\" sizes=\"(max-width: 300px) 100vw, 300px\" \/><\/p>\n<p>Voici notre recette:<\/p>\n<p>1 c. \u00e0 th\u00e9 de <a href=\"http:\/\/www.lepetitmas.ca\/fr\/produits\/fleurs_ail_ferment.shtml\"><strong>fleurs d&rsquo;ail ferment\u00e9es dans l&rsquo;huile<\/strong><\/a> du Petit Mas<\/p>\n<p>100 g de fromage \u00e0 la cr\u00e8me<\/p>\n<p>M\u00e9langer!<\/p>\n<p>D\u00e9licieux sur des bagels, de la pizza ou des p\u00e2tes.<\/p>\n<p>Bon app\u00e9tit!<\/p>\n<p><a href=\"http:\/\/www.lepetitmas.ca\/fr\/pointsdevente\/\"><img loading=\"lazy\" class=\"aligncenter size-full wp-image-2088\" src=\"http:\/\/lepetitmas.ca\/blog\/wp-content\/uploads\/2014\/06\/trouvez-un-magasin1.jpg\" alt=\"trouvez-un-magasin\" width=\"200\" height=\"60\" srcset=\"https:\/\/lepetitmas.ca\/blog\/wp-content\/uploads\/2014\/06\/trouvez-un-magasin1.jpg 200w, https:\/\/lepetitmas.ca\/blog\/wp-content\/uploads\/2014\/06\/trouvez-un-magasin1-148x44.jpg 148w, https:\/\/lepetitmas.ca\/blog\/wp-content\/uploads\/2014\/06\/trouvez-un-magasin1-31x9.jpg 31w, https:\/\/lepetitmas.ca\/blog\/wp-content\/uploads\/2014\/06\/trouvez-un-magasin1-38x11.jpg 38w\" sizes=\"(max-width: 200px) 100vw, 200px\" \/><\/a><\/p>\n<p><img loading=\"lazy\" class=\"size-medium wp-image-3106 alignleft\" src=\"http:\/\/lepetitmas.ca\/blog\/wp-content\/uploads\/2014\/09\/20180502_140240-225x300.jpg\" alt=\"20180502_140240\" width=\"225\" height=\"300\" srcset=\"https:\/\/lepetitmas.ca\/blog\/wp-content\/uploads\/2014\/09\/20180502_140240-225x300.jpg 225w, https:\/\/lepetitmas.ca\/blog\/wp-content\/uploads\/2014\/09\/20180502_140240-768x1024.jpg 768w\" sizes=\"(max-width: 225px) 100vw, 225px\" \/><img loading=\"lazy\" class=\"size-medium wp-image-3103 alignleft\" src=\"http:\/\/lepetitmas.ca\/blog\/wp-content\/uploads\/2014\/09\/Albert-Mondor-200x300.jpg\" alt=\"Albert Mondor\" width=\"200\" height=\"300\" srcset=\"https:\/\/lepetitmas.ca\/blog\/wp-content\/uploads\/2014\/09\/Albert-Mondor-200x300.jpg 200w, https:\/\/lepetitmas.ca\/blog\/wp-content\/uploads\/2014\/09\/Albert-Mondor.jpg 640w\" sizes=\"(max-width: 200px) 100vw, 200px\" \/><\/p>\n<p><img loading=\"lazy\" class=\"size-medium wp-image-3101 alignleft\" src=\"http:\/\/lepetitmas.ca\/blog\/wp-content\/uploads\/2014\/09\/Gabrielle-Destroismaisons-225x300.jpg\" alt=\"Gabrielle Destroismaisons\" width=\"225\" height=\"300\" srcset=\"https:\/\/lepetitmas.ca\/blog\/wp-content\/uploads\/2014\/09\/Gabrielle-Destroismaisons-225x300.jpg 225w, https:\/\/lepetitmas.ca\/blog\/wp-content\/uploads\/2014\/09\/Gabrielle-Destroismaisons-768x1024.jpg 768w, https:\/\/lepetitmas.ca\/blog\/wp-content\/uploads\/2014\/09\/Gabrielle-Destroismaisons.jpg 960w\" sizes=\"(max-width: 225px) 100vw, 225px\" \/><img loading=\"lazy\" class=\"size-medium wp-image-3104 alignleft\" src=\"http:\/\/lepetitmas.ca\/blog\/wp-content\/uploads\/2014\/09\/photo2-180x300.jpg\" alt=\"photo2\" width=\"180\" height=\"300\" srcset=\"https:\/\/lepetitmas.ca\/blog\/wp-content\/uploads\/2014\/09\/photo2-180x300.jpg 180w, https:\/\/lepetitmas.ca\/blog\/wp-content\/uploads\/2014\/09\/photo2.jpg 576w\" sizes=\"(max-width: 180px) 100vw, 180px\" \/><\/p>\n<p><img loading=\"lazy\" class=\"size-medium wp-image-3105 alignleft\" src=\"http:\/\/lepetitmas.ca\/blog\/wp-content\/uploads\/2014\/09\/louise-deschatelets-180x300.jpg\" alt=\"louise deschatelets\" width=\"180\" height=\"300\" srcset=\"https:\/\/lepetitmas.ca\/blog\/wp-content\/uploads\/2014\/09\/louise-deschatelets-180x300.jpg 180w, https:\/\/lepetitmas.ca\/blog\/wp-content\/uploads\/2014\/09\/louise-deschatelets.jpg 576w\" sizes=\"(max-width: 180px) 100vw, 180px\" \/><\/p>\n<p><img loading=\"lazy\" class=\"size-medium wp-image-3102 alignleft\" src=\"http:\/\/lepetitmas.ca\/blog\/wp-content\/uploads\/2014\/09\/Bob-le-chef-225x300.jpg\" alt=\"Bob le chef\" width=\"225\" height=\"300\" srcset=\"https:\/\/lepetitmas.ca\/blog\/wp-content\/uploads\/2014\/09\/Bob-le-chef-225x300.jpg 225w, https:\/\/lepetitmas.ca\/blog\/wp-content\/uploads\/2014\/09\/Bob-le-chef-768x1024.jpg 768w\" sizes=\"(max-width: 225px) 100vw, 225px\" \/><\/p>\n","protected":false},"excerpt":{"rendered":"<p>Le mois de septembre est toujours un mois tr\u00e8s tr\u00e8s occup\u00e9 pour Le Petit Mas. L&rsquo;\u00e9quipe de la production s&rsquo;affaire \u00e0 nettoyer, empaqueter et livrer l&rsquo;ail de la saison actuelle et \u00e0 semer et pr\u00e9parer le champ pour la prochaine&#8230; <a href=\"https:\/\/lepetitmas.ca\/blog\/lautomne-le-temps-des-salons-et-des-rencontres\/\">Lire la suite<\/a><\/p>\n","protected":false},"author":1,"featured_media":3100,"comment_status":"open","ping_status":"open","sticky":false,"template":"","format":"standard","meta":[],"categories":[55,4,88,27],"tags":[],"_links":{"self":[{"href":"https:\/\/lepetitmas.ca\/blog\/wp-json\/wp\/v2\/posts\/1053"}],"collection":[{"href":"https:\/\/lepetitmas.ca\/blog\/wp-json\/wp\/v2\/posts"}],"about":[{"href":"https:\/\/lepetitmas.ca\/blog\/wp-json\/wp\/v2\/types\/post"}],"author":[{"embeddable":true,"href":"https:\/\/lepetitmas.ca\/blog\/wp-json\/wp\/v2\/users\/1"}],"replies":[{"embeddable":true,"href":"https:\/\/lepetitmas.ca\/blog\/wp-json\/wp\/v2\/comments?post=1053"}],"version-history":[{"count":26,"href":"https:\/\/lepetitmas.ca\/blog\/wp-json\/wp\/v2\/posts\/1053\/revisions"}],"predecessor-version":[{"id":3114,"href":"https:\/\/lepetitmas.ca\/blog\/wp-json\/wp\/v2\/posts\/1053\/revisions\/3114"}],"wp:featuredmedia":[{"embeddable":true,"href":"https:\/\/lepetitmas.ca\/blog\/wp-json\/wp\/v2\/media\/3100"}],"wp:attachment":[{"href":"https:\/\/lepetitmas.ca\/blog\/wp-json\/wp\/v2\/media?parent=1053"}],"wp:term":[{"taxonomy":"category","embeddable":true,"href":"https:\/\/lepetitmas.ca\/blog\/wp-json\/wp\/v2\/categories?post=1053"},{"taxonomy":"post_tag","embeddable":true,"href":"https:\/\/lepetitmas.ca\/blog\/wp-json\/wp\/v2\/tags?post=1053"}],"curies":[{"name":"wp","href":"https:\/\/api.w.org\/{rel}","templated":true}]}}