{"id":1102,"date":"2014-10-06T17:29:41","date_gmt":"2014-10-06T17:29:41","guid":{"rendered":"http:\/\/lepetitmas.ca\/blog\/?p=1102"},"modified":"2022-05-04T02:58:16","modified_gmt":"2022-05-04T02:58:16","slug":"planter-de-lail-dans-votre-jardin","status":"publish","type":"post","link":"https:\/\/lepetitmas.ca\/blog\/planter-de-lail-dans-votre-jardin\/","title":{"rendered":"Planter de l&rsquo;ail dans votre jardin!"},"content":{"rendered":"<p><img loading=\"lazy\" class=\"aligncenter size-large wp-image-2619\" src=\"http:\/\/lepetitmas.ca\/blog\/wp-content\/uploads\/2014\/10\/PLANTER-DE-L-AIL-DANS-VOTRE-JARDIN-1024x535.jpg\" alt=\"Planter d l'ail dans votre jardin\" width=\"584\" height=\"305\" srcset=\"https:\/\/lepetitmas.ca\/blog\/wp-content\/uploads\/2014\/10\/PLANTER-DE-L-AIL-DANS-VOTRE-JARDIN-1024x535.jpg 1024w, https:\/\/lepetitmas.ca\/blog\/wp-content\/uploads\/2014\/10\/PLANTER-DE-L-AIL-DANS-VOTRE-JARDIN-300x157.jpg 300w, https:\/\/lepetitmas.ca\/blog\/wp-content\/uploads\/2014\/10\/PLANTER-DE-L-AIL-DANS-VOTRE-JARDIN-768x401.jpg 768w, https:\/\/lepetitmas.ca\/blog\/wp-content\/uploads\/2014\/10\/PLANTER-DE-L-AIL-DANS-VOTRE-JARDIN-500x261.jpg 500w, https:\/\/lepetitmas.ca\/blog\/wp-content\/uploads\/2014\/10\/PLANTER-DE-L-AIL-DANS-VOTRE-JARDIN.jpg 1200w\" sizes=\"(max-width: 584px) 100vw, 584px\" \/><\/p>\n<p>Octobre. Le froid s&rsquo;installe. Les feuilles tombent. Le givre fait tranquillement son apparition sur le gazon.<\/p>\n<p>Que cela ne tienne! Profitons encore des rayons chauds du soleil en allant au jardin planter notre ail du Qu\u00e9bec biologique.<\/p>\n<p><strong>Quand planter?<\/strong><\/p>\n<p>La plupart des vari\u00e9t\u00e9s d&rsquo;ail au Qu\u00e9bec se plantent en septembre, jusqu&rsquo;\u00e0 la fin octobre et m\u00eame novembre si l&rsquo;on a manqu\u00e9 de pr\u00e9voyance!<\/p>\n<p><strong>Quoi planter?<\/strong><\/p>\n<p>L&rsquo;ail que l&rsquo;on mange est le m\u00eame que l&rsquo;ail que l&rsquo;on plante! Pour la plantation, nous recommandons l&rsquo;ail grade 1 de taille moyenne que vous pouvez acheter sur\u00a0<a href=\"..\/boutique\/index.shtml\">notre boutique en ligne<\/a> ou \u00e0 notre <a href=\"http:\/\/www.lepetitmas.ca\/fr\/contact\/\">boutique \u00e0 la ferme<\/a> (v\u00e9rifiez les heures d&rsquo;ouverture avant de venir).<\/p>\n<p>D\u00e9faire les gousses en ca\u00efeux. Si jamais la peau s&rsquo;enl\u00e8ve lors du cassage, ce n&rsquo;est pas bien grave!<\/p>\n<p><strong>Comment planter?\u00a0<\/strong><\/p>\n<p>Le ca\u00efeu n&rsquo;a pas besoin d&rsquo;\u00eatre plant\u00e9 dans un sens en particulier!! Planter le petit bout pointu vers le haut si vous d\u00e9sirez avoir un ail avec une tige\u00a0bien droite.<\/p>\n<p>Distance de 5 \u00e0 6 pouces (12 \u00e0 15 cm) entre les plants, de 20 \u00e0 30 pouces (50 \u00e0 75cm) entre les rangs, 2 \u00e0 3 pouces (5 \u00e0 7,5cm) de profondeur.<\/p>\n<p><strong>Combien en planter?<\/strong><\/p>\n<p>Chaque ca\u00efeu plant\u00e9 donnera un nouveau bulbe form\u00e9 de 2\u00a0\u00e0 6\u00a0ca\u00efeux! \u00c0\u00a0vous de voir combien vous voulez manger de gousses l&rsquo;an prochain. <a href=\"http:\/\/www.lepetitmas.ca\/fr\/faq\/comment-calculer-le-nombre-de-kilo-dont-jai-besoin-pour-planter.shtml\">Ici pour calculer combien de kilos vous avez besoin pour faire votre plantation.\u00a0<\/a><\/p>\n<p><strong>Dans quel sol planter?\u00a0<\/strong><\/p>\n<p>Il faut choisir un sol bien drain\u00e9 et \u00e9viter les sites balay\u00e9s par le vent en hiver. On peut mettre ou non du paillis.\u00a0Fertiliser le sol un mois avant la plantation avec un bon compost ou du fumier de poulet.<\/p>\n<p><strong><a href=\"http:\/\/www.lepetitmas.ca\/fr\/produits\/ail_bio_guide_culture.shtml\">Consultez notre guide de culture d&rsquo;ail biologique pour plus d\u00e9tails<\/a> <\/strong>et les articles de blogue suivants :<\/p>\n<p><strong><a class=\"row-title\" href=\"http:\/\/lepetitmas.ca\/blog\/enlever-le-paillis-sur-mon-champ-d-ail\">Dois-je enlever le paillis sur mon champ d\u2019ail?<\/a><\/strong><br \/>\n<strong><a class=\"row-title\" href=\"http:\/\/lepetitmas.ca\/blog\/proteger-les-champs-dail-avec-un-paillis-oui-ou-non\/\">Prot\u00e9ger les champs d\u2019ail au Qu\u00e9bec avec un paillis, oui ou non?<\/a><\/strong><br \/>\n<strong><a class=\"row-title\" href=\"http:\/\/lepetitmas.ca\/blog\/planter-de-lail-dans-votre-jardin\">Planter de l\u2019ail dans votre jardin!<\/a><\/strong><\/p>\n<p><strong><a class=\"row-title\" href=\"http:\/\/lepetitmas.ca\/blog\/semences-certifies-d-ail-l-etat-des-faits-au-quebec\/\">Semences certifi\u00e9es d\u2019ail \u2013 l\u2019\u00e9tat des faits au Qu\u00e9bec<\/a><\/strong><br \/>\n<a href=\"http:\/\/lepetitmas.ca\/blog\/ail-du-quebec-quelle-variete\/\"><strong>Ail du Qu\u00e9bec\u00a0: quelle vari\u00e9t\u00e9\u00a0?\u00a0<\/strong><\/a><\/p>\n<p><strong><a class=\"row-title\" href=\"http:\/\/lepetitmas.ca\/blog\/pourquoi-et-a-quel-moment-doit-on-recolter-la-fleur-dail\/\">Pourquoi et \u00e0 quel moment doit-on r\u00e9colter la fleur d\u2019ail?<\/a><\/strong><\/p>\n<p>Achetez vos<strong> <a href=\"http:\/\/www.lepetitmas.ca\/fr\/produits\/ail_bio.shtml\">semences d&rsquo;ail biologiques<\/a><\/strong> sur notre boutique en ligne :<\/p>\n<p><a href=\"http:\/\/www.lepetitmas.ca\/fr\/boutique\/\"><img loading=\"lazy\" class=\"aligncenter size-full wp-image-2996\" src=\"http:\/\/lepetitmas.ca\/blog\/wp-content\/uploads\/2018\/06\/achetez-en-ligne-de-l-ail-du-quebec.png\" alt=\"achetez-en-ligne-de-l-ail-du-quebec\" width=\"220\" height=\"69\" \/><\/a><\/p>\n<p><a href=\"http:\/\/www.lepetitmas.ca\/fr\/contact\/\">Venez nous voir \u00e0 la ferme<\/a> (consultez nos heures d&rsquo;ouverture avant de passer) :<\/p>\n<p><a href=\"http:\/\/www.lepetitmas.ca\/fr\/contact\/\"><img loading=\"lazy\" class=\"aligncenter size-full wp-image-1490\" src=\"http:\/\/lepetitmas.ca\/blog\/wp-content\/uploads\/2015\/06\/contactez-l-equipe-du-petit-mas.jpg\" alt=\"contactez-l-equipe-du-petit-mas\" width=\"200\" height=\"60\" srcset=\"https:\/\/lepetitmas.ca\/blog\/wp-content\/uploads\/2015\/06\/contactez-l-equipe-du-petit-mas.jpg 200w, https:\/\/lepetitmas.ca\/blog\/wp-content\/uploads\/2015\/06\/contactez-l-equipe-du-petit-mas-148x44.jpg 148w, https:\/\/lepetitmas.ca\/blog\/wp-content\/uploads\/2015\/06\/contactez-l-equipe-du-petit-mas-31x9.jpg 31w, https:\/\/lepetitmas.ca\/blog\/wp-content\/uploads\/2015\/06\/contactez-l-equipe-du-petit-mas-38x11.jpg 38w\" sizes=\"(max-width: 200px) 100vw, 200px\" \/><\/a><\/p>\n","protected":false},"excerpt":{"rendered":"<p>Octobre. Le froid s&rsquo;installe. Les feuilles tombent. Le givre fait tranquillement son apparition sur le gazon. Que cela ne tienne! Profitons encore des rayons chauds du soleil en allant au jardin planter notre ail du Qu\u00e9bec biologique. Quand planter? La&#8230; <a href=\"https:\/\/lepetitmas.ca\/blog\/planter-de-lail-dans-votre-jardin\/\">Lire la suite<\/a><\/p>\n","protected":false},"author":1,"featured_media":2619,"comment_status":"open","ping_status":"open","sticky":false,"template":"","format":"standard","meta":[],"categories":[6,107],"tags":[18,24],"_links":{"self":[{"href":"https:\/\/lepetitmas.ca\/blog\/wp-json\/wp\/v2\/posts\/1102"}],"collection":[{"href":"https:\/\/lepetitmas.ca\/blog\/wp-json\/wp\/v2\/posts"}],"about":[{"href":"https:\/\/lepetitmas.ca\/blog\/wp-json\/wp\/v2\/types\/post"}],"author":[{"embeddable":true,"href":"https:\/\/lepetitmas.ca\/blog\/wp-json\/wp\/v2\/users\/1"}],"replies":[{"embeddable":true,"href":"https:\/\/lepetitmas.ca\/blog\/wp-json\/wp\/v2\/comments?post=1102"}],"version-history":[{"count":5,"href":"https:\/\/lepetitmas.ca\/blog\/wp-json\/wp\/v2\/posts\/1102\/revisions"}],"predecessor-version":[{"id":3284,"href":"https:\/\/lepetitmas.ca\/blog\/wp-json\/wp\/v2\/posts\/1102\/revisions\/3284"}],"wp:featuredmedia":[{"embeddable":true,"href":"https:\/\/lepetitmas.ca\/blog\/wp-json\/wp\/v2\/media\/2619"}],"wp:attachment":[{"href":"https:\/\/lepetitmas.ca\/blog\/wp-json\/wp\/v2\/media?parent=1102"}],"wp:term":[{"taxonomy":"category","embeddable":true,"href":"https:\/\/lepetitmas.ca\/blog\/wp-json\/wp\/v2\/categories?post=1102"},{"taxonomy":"post_tag","embeddable":true,"href":"https:\/\/lepetitmas.ca\/blog\/wp-json\/wp\/v2\/tags?post=1102"}],"curies":[{"name":"wp","href":"https:\/\/api.w.org\/{rel}","templated":true}]}}