{"id":2784,"date":"2018-05-09T14:27:58","date_gmt":"2018-05-09T14:27:58","guid":{"rendered":"http:\/\/lepetitmas.ca\/blog\/?p=2784"},"modified":"2022-04-29T19:02:08","modified_gmt":"2022-04-29T19:02:08","slug":"teigne-du-poireau-et-autres-maladies-de-lail","status":"publish","type":"post","link":"https:\/\/lepetitmas.ca\/blog\/teigne-du-poireau-et-autres-maladies-de-lail\/","title":{"rendered":"Teigne du poireau et autres maladies de l\u2019ail"},"content":{"rendered":"<p><img loading=\"lazy\" class=\"aligncenter size-large wp-image-2871\" src=\"http:\/\/lepetitmas.ca\/blog\/wp-content\/uploads\/2018\/01\/TIGNE-1024x535.jpg\" alt=\"Teigne du poireau et autres maladies dans l'ail\" width=\"584\" height=\"305\" srcset=\"https:\/\/lepetitmas.ca\/blog\/wp-content\/uploads\/2018\/01\/TIGNE-1024x535.jpg 1024w, https:\/\/lepetitmas.ca\/blog\/wp-content\/uploads\/2018\/01\/TIGNE-300x157.jpg 300w, https:\/\/lepetitmas.ca\/blog\/wp-content\/uploads\/2018\/01\/TIGNE-768x401.jpg 768w, https:\/\/lepetitmas.ca\/blog\/wp-content\/uploads\/2018\/01\/TIGNE-500x261.jpg 500w\" sizes=\"(max-width: 584px) 100vw, 584px\" \/><\/p>\n<p><strong>La teigne du poireau, soyez alertes\u00a0!<\/strong><strong>\u00a0<\/strong><\/p>\n<p><em>\u00abDes petits vers attaquent mes fleurs d&rsquo;ail, que faire?\u00bb<\/em><\/p>\n<p>Le printemps arrive et nous recevons bon an, mal an, plusieurs dizaines de courriels de jardiniers et de producteurs d\u2019ail aux prises avec un petit vers qui fait des trous dans l&rsquo;ail et dans les fleurs d&rsquo;ail. Ce petit vers est la larve d&rsquo;un papillon qui s&rsquo;appelle la teigne du poireau.<\/p>\n<p>Heureusement, ici, au <a href=\"http:\/\/www.lepetitmas.ca\/fr\/produits\/ail_bio.shtml\"><strong>Petit Mas (producteurs d&rsquo;ail du Qu\u00e9bec biologique depuis 1989)<\/strong><\/a>, la teigne du poireau n\u2019a pas trouv\u00e9 nos champs. Nous ne sommes donc pas des sp\u00e9cialistes de la lutte contre ce ravageur\u00a0!<\/p>\n<p>Cela dit, apr\u00e8s avoir entendu plusieurs experts se prononcer sur le sujet voici quelques suggestions de lectures pour vous permettre de combattre (tel un jed\u2019ail\u00a0!!!) la bestiole.<\/p>\n<h1><a href=\"http:\/\/www.agr.gc.ca\/fra\/a-propos-de-nous\/bureaux-et-emplacements\/lutte-antiparasitaire-en-agriculture\/ressources-en-matiere-de-lutte-antiparasitaire-en-agriculture\/serie-de-fiches-d-information-sur-la-protection-durable-des-cultures\/contenu-archive-approche-phytosanitaire-integree-contre-la-teigne-du-poireau\/?id=1243356171595\">Approche phytosanitaire int\u00e9gr\u00e9e contre la teigne du poireau\u00a0: 10 ann\u00e9es de recherche concert\u00e9e, de d\u00e9veloppement et de transfert des connaissances<\/a><\/h1>\n<p><strong><a href=\"https:\/\/www.agrireseau.net\/agriculturebiologique\/documents\/ppoint_rachel_trepanier.pdf\">Bien prot\u00e9ger son ail contre la teigne du poireau<\/a>\u00a0<\/strong><\/p>\n<h1><a href=\"http:\/\/www.mapaq.gouv.qc.ca\/fr\/Regions\/monteregie\/articles\/production\/Pages\/La_lutte_a_la_teigne_du_poireau_le_defi_des_petites_superficies.aspx\">La lutte \u00e0 la teigne du poireau : le d\u00e9fi des petites superficies<\/a><\/h1>\n<h1><a href=\"https:\/\/www.agrireseau.net\/rap\/documents?s=3110&amp;page=1\"><img loading=\"lazy\" class=\"aligncenter size-large wp-image-2857\" src=\"http:\/\/lepetitmas.ca\/blog\/wp-content\/uploads\/2018\/01\/phytosanitaire-1024x492.jpg\" alt=\"r\u00e9seau d'avertissement phytosanitaire du MAPAQ\" width=\"584\" height=\"281\" srcset=\"https:\/\/lepetitmas.ca\/blog\/wp-content\/uploads\/2018\/01\/phytosanitaire-1024x492.jpg 1024w, https:\/\/lepetitmas.ca\/blog\/wp-content\/uploads\/2018\/01\/phytosanitaire-300x144.jpg 300w, https:\/\/lepetitmas.ca\/blog\/wp-content\/uploads\/2018\/01\/phytosanitaire-768x369.jpg 768w, https:\/\/lepetitmas.ca\/blog\/wp-content\/uploads\/2018\/01\/phytosanitaire-500x240.jpg 500w\" sizes=\"(max-width: 584px) 100vw, 584px\" \/><\/a><\/h1>\n<h1><strong>R\u00e9seau d\u2019avertissements phytosanitaires (RAP)<\/strong><\/h1>\n<p>En plus de lire, nous vous sugg\u00e9rons de vous abonner au r\u00e9seau d\u2019avertissements phytosanitaires cat\u00e9gorie <a href=\"https:\/\/www.agrireseau.net\/rap\/documents?s=3110&amp;page=1\"><strong><em>Oignon, ail et poireau<\/em><\/strong><\/a>. Ce service gratuit offert par le MAPAQ vous permet de recevoir des avertissements sur la teigne du poireau, mais aussi sur les autres risques reli\u00e9s \u00e0 la culture de l\u2019ail, des oignons et des poireaux au Qu\u00e9bec (maladies, m\u00e9t\u00e9o, etc.).<\/p>\n<p><strong>Les autres maladies de l\u2019ail<\/strong><\/p>\n<p>Plusieurs clients nous envoient \u00e9galement des courriels avec des photos de toutes sortes nous demandant de faire le diagnostic de certaines maladies ou probl\u00e9matiques dans les bulbes d\u2019ail.<\/p>\n<p>Plusieurs facteurs peuvent diminuer la qualit\u00e9 des bulbes d\u2019ail, la m\u00e9t\u00e9o, la qualit\u00e9 du sol, les hivers rigoureux, les maladies fongiques, les insectes ravageurs, les carences, les blessures m\u00e9caniques, etc.<\/p>\n<p>Avec l\u2019exp\u00e9rience, nous sommes capables d\u2019\u00e9mettre des hypoth\u00e8ses avec les sympt\u00f4mes les plus courants, ce qui peut satisfaire le jardinier amateur.<\/p>\n<p>Par contre, \u00e0 partir d\u2019un certain stade, toutes les maladies se ressemblent et\u00a0plusieurs microorganismes sont parfois impliqu\u00e9s, il est alors difficile de poser un diagnostic pr\u00e9cis et il devient pertinent d\u2019envoyer un \u00e9chantillon au <a href=\"http:\/\/www.mapaq.gouv.qc.ca\/fr\/Productions\/Protectiondescultures\/diagnostic\/Pages\/diagnostic.aspx\">laboratoire d\u2019expertise et de diagnostic en phytoprotection<\/a> du Mapaq.<\/p>\n<p><strong>Envoi d\u2019\u00e9chantillons au laboratoire de diagnostic<\/strong><\/p>\n<p>Chaque ann\u00e9e, nous envoyons une dizaine d\u2019\u00e9chantillons au <a href=\"http:\/\/www.mapaq.gouv.qc.ca\/fr\/Productions\/Protectiondescultures\/diagnostic\/Pages\/diagnostic.aspx\">laboratoire d\u2019expertise et de diagnostic en phytoprotection<\/a> du Mapaq. Ce service offre un diagnostic pr\u00e9cis, fiable et rapide des ennemis des cultures et des probl\u00e8mes non parasitaires des productions v\u00e9g\u00e9tales au Qu\u00e9bec. Il nous permet d\u2019avoir regard clair et scientifique sur nos pratiques agricoles et de faire un suivi ad\u00e9quat selon le probl\u00e8me d\u00e9cel\u00e9.<\/p>\n<p>Il n\u2019est pas utile de faire un traitement biologique pour une maladie fongique si, en r\u00e9alit\u00e9, l\u2019ail souffre de blessures m\u00e9caniques\u00a0!<\/p>\n<p><strong><em>Nous invitons tous les producteurs d\u2019ail du Qu\u00e9bec \u00e0 utiliser ce service\u00a0!<\/em><\/strong><\/p>\n<p>Hors saison : inscrivez-vous \u00e0 notre<a href=\"http:\/\/www.lepetitmas.ca\/fr\/qui\/infolettre.shtml\">\u00a0infolettre<\/a>\u00a0pour ne pas rater la prochaine saison de l&rsquo;<a href=\"http:\/\/www.lepetitmas.ca\/fr\/produits\/ail_bio.shtml\">ail du Qu\u00e9bec<\/a>!<\/p>\n<p>En saison, commandez votre ail du Qu\u00e9bec sur\u00a0<a href=\"http:\/\/www.lepetitmas.ca\/fr\/boutique\/\">notre boutique en ligne<\/a>\u00a0ou\u00a0<a href=\"http:\/\/www.lepetitmas.ca\/fr\/pointsdevente\/\">achetez-le en magasin<\/a><\/p>\n\n\n<div class=\"wp-block-image is-style-default\"><figure class=\"aligncenter size-full\"><a href=\"https:\/\/www.lepetitmas.ca\/fr\/boutique\/\"><img loading=\"lazy\" width=\"200\" height=\"60\" src=\"https:\/\/lepetitmas.ca\/blog\/wp-content\/uploads\/2015\/11\/achetez-en-ligne-de-l-ail-du-quebec.jpg\" alt=\"achetez-en-ligne-de-l-ail-du-quebec\" class=\"wp-image-2127\" srcset=\"https:\/\/lepetitmas.ca\/blog\/wp-content\/uploads\/2015\/11\/achetez-en-ligne-de-l-ail-du-quebec.jpg 200w, https:\/\/lepetitmas.ca\/blog\/wp-content\/uploads\/2015\/11\/achetez-en-ligne-de-l-ail-du-quebec-148x44.jpg 148w, https:\/\/lepetitmas.ca\/blog\/wp-content\/uploads\/2015\/11\/achetez-en-ligne-de-l-ail-du-quebec-31x9.jpg 31w, https:\/\/lepetitmas.ca\/blog\/wp-content\/uploads\/2015\/11\/achetez-en-ligne-de-l-ail-du-quebec-38x11.jpg 38w\" sizes=\"(max-width: 200px) 100vw, 200px\" \/><\/a><\/figure><\/div>\n\n\n\n<div class=\"wp-block-image is-style-default\"><figure class=\"aligncenter size-full\"><a href=\"https:\/\/www.lepetitmas.ca\/fr\/pointsdevente\/\"><img loading=\"lazy\" width=\"200\" height=\"60\" src=\"https:\/\/lepetitmas.ca\/blog\/wp-content\/uploads\/2016\/01\/trouvez-un-magasin1.jpg\" alt=\"trouvez-un-magasin\" class=\"wp-image-2124\" srcset=\"https:\/\/lepetitmas.ca\/blog\/wp-content\/uploads\/2016\/01\/trouvez-un-magasin1.jpg 200w, https:\/\/lepetitmas.ca\/blog\/wp-content\/uploads\/2016\/01\/trouvez-un-magasin1-148x44.jpg 148w, https:\/\/lepetitmas.ca\/blog\/wp-content\/uploads\/2016\/01\/trouvez-un-magasin1-31x9.jpg 31w, https:\/\/lepetitmas.ca\/blog\/wp-content\/uploads\/2016\/01\/trouvez-un-magasin1-38x11.jpg 38w\" sizes=\"(max-width: 200px) 100vw, 200px\" \/><\/a><\/figure><\/div>\n","protected":false},"excerpt":{"rendered":"<p>La teigne du poireau, soyez alertes\u00a0!\u00a0 \u00abDes petits vers attaquent mes fleurs d&rsquo;ail, que faire?\u00bb Le printemps arrive et nous recevons bon an, mal an, plusieurs dizaines de courriels de jardiniers et de producteurs d\u2019ail aux prises avec un petit&#8230; <a href=\"https:\/\/lepetitmas.ca\/blog\/teigne-du-poireau-et-autres-maladies-de-lail\/\">Lire la suite<\/a><\/p>\n","protected":false},"author":1,"featured_media":2871,"comment_status":"open","ping_status":"open","sticky":false,"template":"","format":"standard","meta":[],"categories":[6,107],"tags":[18,24,34],"_links":{"self":[{"href":"https:\/\/lepetitmas.ca\/blog\/wp-json\/wp\/v2\/posts\/2784"}],"collection":[{"href":"https:\/\/lepetitmas.ca\/blog\/wp-json\/wp\/v2\/posts"}],"about":[{"href":"https:\/\/lepetitmas.ca\/blog\/wp-json\/wp\/v2\/types\/post"}],"author":[{"embeddable":true,"href":"https:\/\/lepetitmas.ca\/blog\/wp-json\/wp\/v2\/users\/1"}],"replies":[{"embeddable":true,"href":"https:\/\/lepetitmas.ca\/blog\/wp-json\/wp\/v2\/comments?post=2784"}],"version-history":[{"count":8,"href":"https:\/\/lepetitmas.ca\/blog\/wp-json\/wp\/v2\/posts\/2784\/revisions"}],"predecessor-version":[{"id":3220,"href":"https:\/\/lepetitmas.ca\/blog\/wp-json\/wp\/v2\/posts\/2784\/revisions\/3220"}],"wp:featuredmedia":[{"embeddable":true,"href":"https:\/\/lepetitmas.ca\/blog\/wp-json\/wp\/v2\/media\/2871"}],"wp:attachment":[{"href":"https:\/\/lepetitmas.ca\/blog\/wp-json\/wp\/v2\/media?parent=2784"}],"wp:term":[{"taxonomy":"category","embeddable":true,"href":"https:\/\/lepetitmas.ca\/blog\/wp-json\/wp\/v2\/categories?post=2784"},{"taxonomy":"post_tag","embeddable":true,"href":"https:\/\/lepetitmas.ca\/blog\/wp-json\/wp\/v2\/tags?post=2784"}],"curies":[{"name":"wp","href":"https:\/\/api.w.org\/{rel}","templated":true}]}}