{"id":2796,"date":"2018-04-16T18:33:50","date_gmt":"2018-04-16T18:33:50","guid":{"rendered":"http:\/\/lepetitmas.ca\/blog\/?p=2796"},"modified":"2022-04-29T21:03:01","modified_gmt":"2022-04-29T21:03:01","slug":"semences-certifies-d-ail-l-etat-des-faits-au-quebec","status":"publish","type":"post","link":"https:\/\/lepetitmas.ca\/blog\/semences-certifies-d-ail-l-etat-des-faits-au-quebec\/","title":{"rendered":"Semences certifi\u00e9es d\u2019ail &#8211; l&rsquo;\u00e9tat des faits au Qu\u00e9bec"},"content":{"rendered":"<p><a href=\"http:\/\/lepetitmas.ca\/blog\/wp-content\/uploads\/2017\/01\/SEMENCES-CERTIFIES-DAIL.jpg\"><img loading=\"lazy\" class=\"aligncenter size-large wp-image-2901\" src=\"http:\/\/lepetitmas.ca\/blog\/wp-content\/uploads\/2017\/01\/SEMENCES-CERTIFIES-DAIL-1024x535.jpg\" alt=\"SEMENCES CERTIFIES D'AIL\" width=\"584\" height=\"305\" srcset=\"https:\/\/lepetitmas.ca\/blog\/wp-content\/uploads\/2017\/01\/SEMENCES-CERTIFIES-DAIL-1024x535.jpg 1024w, https:\/\/lepetitmas.ca\/blog\/wp-content\/uploads\/2017\/01\/SEMENCES-CERTIFIES-DAIL-300x157.jpg 300w, https:\/\/lepetitmas.ca\/blog\/wp-content\/uploads\/2017\/01\/SEMENCES-CERTIFIES-DAIL-768x401.jpg 768w, https:\/\/lepetitmas.ca\/blog\/wp-content\/uploads\/2017\/01\/SEMENCES-CERTIFIES-DAIL-500x261.jpg 500w\" sizes=\"(max-width: 584px) 100vw, 584px\" \/><\/a><\/p>\n<p><em><strong>Ce texte s&rsquo;adresse aux producteurs d&rsquo;ail.<\/strong><\/em><\/p>\n<p>Depuis plusieurs ann\u00e9es, on observe, chez les producteurs d\u2019ail du Qu\u00e9bec, une volont\u00e9 d\u2019avoir acc\u00e8s \u00e0 des semences saines et de qualit\u00e9.<\/p>\n<p>Comme c\u2019est le temps de r\u00e9server vos semences pour l\u2019automne prochain, nous voudrions vous donner l\u2019heure juste concernant l\u2019\u00e9tat du d\u00e9veloppement des semences dites saines ou certifi\u00e9es au Qu\u00e9bec.<\/p>\n<p><span style=\"color: #ff0000;\"><strong>En ce moment, au Qu\u00e9bec,&nbsp;le minist\u00e8re de l\u2019Agriculture, des P\u00eacheries et de l\u2019Alimentation du Qu\u00e9bec (MAPAQ) confirme qu&rsquo;il n\u2019existe aucune fa\u00e7on de s\u2019assurer que vos semences sont exemptes \u00e0 100% de maladies bact\u00e9riennes, fongiques, virales ou parasitaires (n\u00e9matodes, teignes) (1). <\/strong><\/span><\/p>\n<p><strong>Ce que vous devez savoir avant d\u2019acheter des semences<\/strong><\/p>\n<p><strong>1) La certification biologique <\/strong><\/p>\n<p>La certification biologique (que Le Petit Mas poss\u00e8de) est une certification de production. Elle r\u00e9pond \u00e0 des normes environnementales \u00e9lev\u00e9es tout au long du processus de production avant, pendant et apr\u00e8s la r\u00e9colte.<\/p>\n<p><span style=\"color: #ff0000;\"><strong>Par contre, la certification biologique ne certifie pas l\u2019absence de maladie dans les semences d\u2019ail.&nbsp;<em>En savoir plus sur la certification biologique<\/em> (lien vers article)<\/strong><\/span><\/p>\n<p>La certification biologique a pour avantage de garantir les normes environnementales dans lesquelles l&rsquo;ail a \u00e9t\u00e9 produit. Comme, pour l&rsquo;instant, l&rsquo;achat de semences provenant d&rsquo;autres producteurs d&rsquo;ail est la fa\u00e7on la plus rapide d&rsquo;obtenir un haut volume de production, autant opter pour de l&rsquo;ail biologique.<\/p>\n<p><a href=\"http:\/\/lepetitmas.ca\/blog\/wp-content\/uploads\/2017\/01\/semences-1.jpg\"><img loading=\"lazy\" class=\"aligncenter size-large wp-image-2903\" src=\"http:\/\/lepetitmas.ca\/blog\/wp-content\/uploads\/2017\/01\/semences-1-768x1024.jpg\" alt=\"semences-1\" width=\"584\" height=\"779\" srcset=\"https:\/\/lepetitmas.ca\/blog\/wp-content\/uploads\/2017\/01\/semences-1-768x1024.jpg 768w, https:\/\/lepetitmas.ca\/blog\/wp-content\/uploads\/2017\/01\/semences-1-225x300.jpg 225w\" sizes=\"(max-width: 584px) 100vw, 584px\" \/><\/a><\/p>\n<p><strong>2) Les analyses phytosanitaires<\/strong><\/p>\n<p>Le MAPAQ propose aux vendeurs de semences de&nbsp;fournir un certificat d&rsquo;analyse du <a href=\"http:\/\/www.mapaq.gouv.qc.ca\/fr\/Productions\/Protectiondescultures\/diagnostic\/Pages\/diagnostic.aspx\">Laboratoire d&rsquo;expertise et de diagnostic en phytoprotection du MAPAQ<\/a>&nbsp;qui confirme l\u2019absence de n\u00e9matodes et de maladies dans l\u2019ail. Selon le MAPAQ, ce certificat d&rsquo;analyse ne garantit pas \u00e0 100 % que l\u2019ensemble du lot achet\u00e9 est exempt de n\u00e9matodes et de maladies (1).<\/p>\n<p>Pourquoi le test n&rsquo;est-il pas fiable \u00e0 100%? Supposons qu\u2019un producteur ait une plantation de 5000 plants d\u2019ail. En vue de fournir un certificat \u00e0 son client, il envoie un \u00e9chantillon contenant une dizaine de bulbes au <a href=\"http:\/\/www.mapaq.gouv.qc.ca\/fr\/Productions\/Protectiondescultures\/diagnostic\/Pages\/diagnostic.aspx\">Laboratoire d&rsquo;expertise et de diagnostic en phytoprotection du MAPAQ<\/a>. Il est probable que cet \u00e9chantillon soit sain et revienne avec la mention \u00ab aucune maladie, virus ou n\u00e9matode d\u00e9tect\u00e9s \u00bb. Est-ce que l\u2019envoi d\u2019un seul \u00e9chantillon d\u2019ail sur 5000 plants permet de certifier l\u2019ensemble de la production&nbsp;? La r\u00e9ponse est non, car l\u2019\u00e9chantillon n\u2019est pas statistiquement repr\u00e9sentatif du reste de la production (2) (3).<\/p>\n<p><strong>3) Les semences import\u00e9es <\/strong><\/p>\n<p>En France, il existe un syst\u00e8me de <a href=\"http:\/\/plant-certifie-ail.org\/pages\/normes.php\">production d\u2019ail certifi\u00e9<\/a>. Cependant, il faut noter que la certification autorise jusqu&rsquo;\u00e0 1% de plants contamin\u00e9s pour les maladies virales de type mosa\u00efque et pour la pourriture blanche (4). Donc, m\u00eame l&rsquo;ail certifi\u00e9 de la France n&rsquo;est pas exempt \u00e0 100% de virus ou de pourriture blanche. Si vous choisissez d&rsquo;utiliser des semences fran\u00e7aise, notez que le MAPAQ recommande \u00e9galement de NE PAS REPLANTER l\u2019ail d\u2019une ann\u00e9e \u00e0 l\u2019autre (5), il faut donc acheter de nouvelles semences chaque fois. Aussi, diff\u00e9rentes \u00e9tudes sont en cours au MAPAQ pour conna\u00eetre le rendement des semences import\u00e9es de France en sol qu\u00e9b\u00e9cois (poids, taux de lev\u00e9e, calibre, etc.) (8).<\/p>\n<p><a href=\"http:\/\/lepetitmas.ca\/blog\/wp-content\/uploads\/2017\/01\/bulbille.jpg\"><img loading=\"lazy\" class=\"aligncenter size-large wp-image-2904\" src=\"http:\/\/lepetitmas.ca\/blog\/wp-content\/uploads\/2017\/01\/bulbille-683x1024.jpg\" alt=\"bulbilles\" width=\"584\" height=\"876\" srcset=\"https:\/\/lepetitmas.ca\/blog\/wp-content\/uploads\/2017\/01\/bulbille-683x1024.jpg 683w, https:\/\/lepetitmas.ca\/blog\/wp-content\/uploads\/2017\/01\/bulbille-200x300.jpg 200w, https:\/\/lepetitmas.ca\/blog\/wp-content\/uploads\/2017\/01\/bulbille-768x1152.jpg 768w, https:\/\/lepetitmas.ca\/blog\/wp-content\/uploads\/2017\/01\/bulbille.jpg 2048w\" sizes=\"(max-width: 584px) 100vw, 584px\" \/><\/a><\/p>\n<p><strong>4)&nbsp;<\/strong><strong>L\u2019utilisation des bulbilles<\/strong><\/p>\n<p>Des entreprises et des producteurs vendent des bulbilles (graines d&rsquo;ail) (6). Les \u00e9tudes scientifiques d\u00e9montrent que ce syst\u00e8me de production a l\u2019avantage de r\u00e9duire consid\u00e9rablement le taux de n\u00e9matodes dans les champs (1). Par contre, cette m\u00e9thode a aussi des inconv\u00e9nients : il faut que le sol soit exempt de n\u00e9matodes \u00e0 la base, la production d\u2019un bulbe d\u2019une taille int\u00e9ressante prend 2 \u00e0 3 ans et, pour l&rsquo;instant,&nbsp;il n&rsquo;y a pas de grand volume d&rsquo;approvisionnement possible (8).<\/p>\n<p><strong>5) Le traitement des semences \u00e0 l&rsquo;eau chaude<\/strong><\/p>\n<p>Selon une \u00e9tude men\u00e9e par le MAPAQ, le traitement \u00e0 l&rsquo;eau chaude est efficace pour r\u00e9duire significativement le nombre de n\u00e9matodes sur les semences. Par contre, il entra\u00eene une diminution significative du rendement en bulbes commercialisables l&rsquo;ann\u00e9e suivante. Le MAPAQ ne recommande pas le traitement \u00e0 l&rsquo;eau chaude comme mesure pr\u00e9ventive contre les n\u00e9matodes. (7)<\/p>\n<p><strong>Le risque z\u00e9ro n\u2019existe pas! Que faire&nbsp;?<\/strong><\/p>\n<p><strong>Ne pas planter d\u2019ail&nbsp;!<\/strong><\/p>\n<p>La solution la plus simple est de ne pas planter d\u2019ail. On s\u2019assure ainsi de ne jamais avoir de probl\u00e8mes !<\/p>\n<p><strong>Exercer la pr\u00e9vention et les bonnes techniques au champ<\/strong><strong>&nbsp;<\/strong><\/p>\n<p>Sans blague, pour le moment, voici&nbsp;quelques comportements \u00e0 adopter afin de r\u00e9duire les risques de maladies et d&rsquo;augmenter votre productivit\u00e9 au champ!<\/p>\n<p><strong>1- Pour les jardiniers amateurs<\/strong><\/p>\n<p>Vous avez un petit jardin?&nbsp; Choisissez vos semences chez un producteur d&rsquo;ail d&rsquo;exp\u00e9rience. L&rsquo;ail doit \u00eatre vigoureux et avoir une apparence saine. Ne vous en faites pas outre mesure, vous aurez certainement de bons r\u00e9sultats.<\/p>\n<p><strong>2- Analyser votre sol et vos semences<\/strong><\/p>\n<p>Selon le MAPAQ (8), 70% des producteurs d&rsquo;ail ne font pas analyser leur sol et leur ail. Afin d&rsquo;identifier les causes des pertes au champ, il est primordial de faire analyser votre sol et vos plants d&rsquo;ail! Les maladies ne sont pas les seules responsables des pertes.La m\u00e9t\u00e9o, l&rsquo;humidit\u00e9, la fertilisation et ainsi de suite entrent aussi en ligne de compte. L&rsquo;analyse de votre production vous aidera \u00e0 traiter votre ail ou votre sol ou \u00e0 am\u00e9liorer vos pratiques culturales de la bonne fa\u00e7on! Par exemple, il est inutile de traiter vos semences ou votre ail si les taches qu&rsquo;il porte r\u00e9sulte d&rsquo;une blessure m\u00e9canique. Par contre, selon vos objectifs de commercialisation, ce serait une bonne id\u00e9e que de modifier vos pratiques culturales pour r\u00e9duire le nombre de blessures!<\/p>\n<p><strong>Actualisez vos connaissances sur la culture de l&rsquo;ail<\/strong><\/p>\n<p>Les semences sont UN aspect de la culture d&rsquo;ail, mais il y en a TANT d&rsquo;autres! Devenez membre de l&rsquo;Association Ail Qu\u00e9bec et participez aux nombreuses activit\u00e9s offertes par l&rsquo;association (8).<\/p>\n<p><strong>Adoptez de bonnes pratiques culturales<\/strong><\/p>\n<p>L&rsquo;irrigation, la fertilisation, la rotation des cultures sont autant de pratiques qui vous&nbsp;aideront \u00e0&nbsp;augmenter votre rendement de production (8).<\/p>\n<p><strong>Et les semences?<\/strong><\/p>\n<p>Analysez vos objectifs, votre budget et votre situation d&rsquo;affaires. Selon le march\u00e9 vis\u00e9, le choix d&rsquo;acheter des semences biologiques d&rsquo;un producteur reconnu peut \u00eatre la solution, et les bulbilles ou semences de France peuvent aussi \u00eatre le meilleur choix. Choisissez la solution la mieux adapt\u00e9s \u00e0 vos besoins, tout en ayant conscience des avantages et inconv\u00e9nients de chaque m\u00e9thode de production.<\/p>\n<p style=\"text-align: center;\"><strong><em><span style=\"color: #ff0000;\">Gardez \u00e0 l&rsquo;esprit qu&rsquo;au Qu\u00e9bec, les semences sans&nbsp;maladies bact\u00e9riennes, fongiques, virales ou parasitaires (n\u00e9matodes, teignes) n&rsquo;existent pas (1).<\/span><\/em><\/strong><\/p>\n<p><strong><em>Par contre, les semences certifi\u00e9es biologiques existent et vous pouvez en acheter ici&nbsp;:<\/em><\/strong><\/p>\n<p>Hors saison : inscrivez-vous \u00e0 notre<a href=\"http:\/\/www.lepetitmas.ca\/fr\/qui\/infolettre.shtml\">&nbsp;infolettre<\/a>&nbsp;pour ne pas rater la prochaine saison de l\u2019<a href=\"http:\/\/www.lepetitmas.ca\/fr\/produits\/ail_bio.shtml\">ail du Qu\u00e9bec<\/a>!<\/p>\n<p>En saison, commandez votre ail du Qu\u00e9bec sur&nbsp;<a href=\"http:\/\/www.lepetitmas.ca\/fr\/boutique\/\">notre boutique en ligne<\/a>&nbsp;ou&nbsp;<a href=\"http:\/\/www.lepetitmas.ca\/fr\/pointsdevente\/\">achetez-le en magasin<\/a>&nbsp;(l&rsquo;ail en magasin peut aussi se planter!)<\/p>\n<p>Sources :<\/p>\n<p>(1)&nbsp;<a style=\"font-style: inherit; font-weight: inherit;\" href=\"https:\/\/www.agrireseau.net\/documents\/91875\/multiplication-de-l_ail-a-partir-des-bulbilles?s=1073\">Multiplication de l&rsquo;ail \u00e0 partir des bulbilles<\/a>, Isabelle Couture, agr., MAPAQ Mont\u00e9r\u00e9gie-Est en collaboration avec Luc Fontaine, agr., MAPAQ Estrie,&nbsp;Mario Leblanc, agr., MAPAQ Mont\u00e9r\u00e9gie-Ouest et Jonathan Roy, agr.,MAPAQ Chaudi\u00e8re-Appalaches<\/p>\n<p>(2) <a href=\"http:\/\/lepetitmas.ca\/blog\/wp-content\/uploads\/2018\/04\/Echange-de-courriels-reproduit-avec-l%E2%80%99autorisation-de-Mme-Isabelle-Couture.pdf\" rel=\"attachment wp-att-2924\">\u00c9change de courriels reproduit avec l\u2019autorisation de Mme Isabelle Couture<\/a>,&nbsp;conseill\u00e8re en horticulture mara\u00eech\u00e8re, MAPAQ<\/p>\n<p>(3)&nbsp;<a href=\"https:\/\/fr.surveymonkey.com\/mp\/sample-size-calculator\/\">Calculatrice de la taille de l\u2019\u00e9chantillon<\/a>, SurveyMonkey<\/p>\n<p>(4)&nbsp;<a style=\"font-style: inherit; font-weight: inherit;\" href=\"http:\/\/plant-certifie-ail.org\/pages\/normes.php\">Les normes fran\u00e7aises de certification<\/a>, La fili\u00e8re fran\u00e7aise<\/p>\n<p>(5)<a style=\"font-style: inherit; font-weight: inherit;\" href=\"http:\/\/ail.quebec\/wp-content\/uploads\/2018\/02\/5.pr%C3%A9sentation-journ%C3%A9e-ail-2018-MPBfinal.pdf\">&nbsp;Qualit\u00e9 de la semence d&rsquo;ail : briser les mythes!<\/a>, Marie-Pascale Beaudoin, conseill\u00e8re horticole MAPAQ et en agriculture biologique, Saguenay Lac Saint-Jean<\/p>\n<p>(6) <a style=\"font-style: inherit; font-weight: inherit;\" href=\"https:\/\/semences.ca\/d\/?n=web\/ebulletin\/2014-08-fr\/articles\/bulbilles\">Semences du patrimoine (excellentes explications sur la culture par bulbilles)<\/a><\/p>\n<p>(7)<a href=\"https:\/\/www.agrireseau.net\/documents\/91855\/nematode-des-bulbes-et-des-tiges-dans-l_ail%E2%80%94effets-des-traitements-a-l_eau-chaude-les-desires%E2%80%A6-et-les-autres?s=1073\">&nbsp;N\u00e9matode des bulbes et des tiges dans l\u2019ail\u2014Effets des traitements \u00e0&nbsp;l\u2019eau chaude&nbsp;: les d\u00e9sir\u00e9s&nbsp;&#8230; et les autres<\/a>,&nbsp;Isabelle Couture, agr., MAPAQ Mont\u00e9r\u00e9gie-Est en collaboration avec&nbsp;Luc Fontaine, agr.,&nbsp;MAPAQ Estrie,&nbsp;Mario Leblanc,&nbsp;agr.,&nbsp;MAPAQ Mont\u00e9r\u00e9gie-Ouest&nbsp;et Julie Marcoux, dta MAPAQ Estrie<\/p>\n<p>(8) <a href=\"https:\/\/www.mapaq.gouv.qc.ca\/SiteCollectionDocuments\/Regions\/SaguenayLacStJean\/ToutsurailJourneehorticultureSLSJ2017.pdf\">Tout savoir sur l\u2019ail!<\/a>,&nbsp;Marie-Pascale Beaudoin, conseill\u00e8re en horticulture MAPAQ<\/p>\n","protected":false},"excerpt":{"rendered":"<p>Ce texte s&rsquo;adresse aux producteurs d&rsquo;ail. Depuis plusieurs ann\u00e9es, on observe, chez les producteurs d\u2019ail du Qu\u00e9bec, une volont\u00e9 d\u2019avoir acc\u00e8s \u00e0 des semences saines et de qualit\u00e9. Comme c\u2019est le temps de r\u00e9server vos semences pour l\u2019automne prochain, nous&#8230; <a href=\"https:\/\/lepetitmas.ca\/blog\/semences-certifies-d-ail-l-etat-des-faits-au-quebec\/\">Lire la suite<\/a><\/p>\n","protected":false},"author":1,"featured_media":0,"comment_status":"open","ping_status":"open","sticky":false,"template":"","format":"standard","meta":[],"categories":[6,107,88,1],"tags":[18,24,34,43],"_links":{"self":[{"href":"https:\/\/lepetitmas.ca\/blog\/wp-json\/wp\/v2\/posts\/2796"}],"collection":[{"href":"https:\/\/lepetitmas.ca\/blog\/wp-json\/wp\/v2\/posts"}],"about":[{"href":"https:\/\/lepetitmas.ca\/blog\/wp-json\/wp\/v2\/types\/post"}],"author":[{"embeddable":true,"href":"https:\/\/lepetitmas.ca\/blog\/wp-json\/wp\/v2\/users\/1"}],"replies":[{"embeddable":true,"href":"https:\/\/lepetitmas.ca\/blog\/wp-json\/wp\/v2\/comments?post=2796"}],"version-history":[{"count":18,"href":"https:\/\/lepetitmas.ca\/blog\/wp-json\/wp\/v2\/posts\/2796\/revisions"}],"predecessor-version":[{"id":3236,"href":"https:\/\/lepetitmas.ca\/blog\/wp-json\/wp\/v2\/posts\/2796\/revisions\/3236"}],"wp:attachment":[{"href":"https:\/\/lepetitmas.ca\/blog\/wp-json\/wp\/v2\/media?parent=2796"}],"wp:term":[{"taxonomy":"category","embeddable":true,"href":"https:\/\/lepetitmas.ca\/blog\/wp-json\/wp\/v2\/categories?post=2796"},{"taxonomy":"post_tag","embeddable":true,"href":"https:\/\/lepetitmas.ca\/blog\/wp-json\/wp\/v2\/tags?post=2796"}],"curies":[{"name":"wp","href":"https:\/\/api.w.org\/{rel}","templated":true}]}}